{"id":4111,"date":"2023-04-29T15:16:25","date_gmt":"2023-04-29T15:16:25","guid":{"rendered":"https:\/\/www.dennisrodegher.it\/?p=4111"},"modified":"2023-04-29T15:16:28","modified_gmt":"2023-04-29T15:16:28","slug":"cause-acufene-mandibola","status":"publish","type":"post","link":"https:\/\/www.dennisrodegher.it\/index.php\/2023\/04\/29\/cause-acufene-mandibola\/","title":{"rendered":"Le cause dell&#8217;acufene legate alla mandibola"},"content":{"rendered":"\n<h2 id=\"wp-block-themeisle-blocks-advanced-heading-e08c183f\" class=\"wp-block-themeisle-blocks-advanced-heading wp-block-themeisle-blocks-advanced-heading-e08c183f\">Acufene e mandibola: c&#8217;\u00e8 un legame?<\/h2>\n\n\n\n<p id=\"wp-block-themeisle-blocks-advanced-heading-731a849e\" class=\"wp-block-themeisle-blocks-advanced-heading wp-block-themeisle-blocks-advanced-heading-731a849e\">Se stai cercando le cause dell&#8217;<a href=\"https:\/\/www.treccani.it\/vocabolario\/acufeni\/\">acufene<\/a>, ovvero fastidiosi fischi o ronzii alle orecchie, potresti essere sorpreso di scoprire che potrebbero essere legate alla tua articolazione temporo-mandibolare (ATM). L&#8217;ATM \u00e8 l&#8217;articolazione che connette la mascella al cranio, e problemi come la disfunzione dell&#8217;ATM possono causare sintomi come acufeni. <\/p>\n\n\n\n<p id=\"wp-block-themeisle-blocks-advanced-heading-9090899f\" class=\"wp-block-themeisle-blocks-advanced-heading wp-block-themeisle-blocks-advanced-heading-9090899f\">In questo articolo, esploreremo le diverse cause dell&#8217;acufene legate alla mandibola, tra cui la disfunzione dell&#8217;ATM, la malocclusione dentale e l&#8217;infiammazione dei muscoli della mascella. Scopriremo anche come questi problemi possono essere diagnosticati e trattati, per aiutarti a ridurre i sintomi dell&#8217;acufene e migliorare la tua salute auricolare.<\/p>\n\n\n\n<h2 id=\"wp-block-themeisle-blocks-advanced-heading-730ad392\" class=\"wp-block-themeisle-blocks-advanced-heading wp-block-themeisle-blocks-advanced-heading-730ad392\"><strong>Cos&#8217;\u00e8 l&#8217;articolazione temporomandibolare?<\/strong><\/h2>\n\n\n\n<p id=\"wp-block-themeisle-blocks-advanced-heading-746b3918\" class=\"wp-block-themeisle-blocks-advanced-heading wp-block-themeisle-blocks-advanced-heading-746b3918\">Per parlare di acufeni e del ruolo della mandibola e della fisioterapia nel poter risolvere questo disturbo \u00e8 fondamentale fare un passo indietro e spiegare quali sono gli \u201cattori\u201d sul palco. Primo su tutti, <strong>l\u2019articolazione tra il cranio e la mandibola<\/strong> (ATM).<\/p>\n\n\n\n<p id=\"wp-block-themeisle-blocks-advanced-heading-bb0ce66b\" class=\"wp-block-themeisle-blocks-advanced-heading wp-block-themeisle-blocks-advanced-heading-bb0ce66b\"><strong>L&#8217;articolazione temporomandibolare<\/strong> (ATM), come le articolazioni pi\u00f9 conosciute nel nostro corpo come la spalla, il ginocchio o l\u2019anca <strong>permette il movimento<\/strong> reciproco di due ossa, in questo caso <strong>tra il cranio e la mandibola<\/strong>.<\/p>\n\n\n\n<p id=\"wp-block-themeisle-blocks-advanced-heading-5fa47a3c\" class=\"wp-block-themeisle-blocks-advanced-heading wp-block-themeisle-blocks-advanced-heading-5fa47a3c\"><strong>L\u2019articolazione temporo mandibolare<\/strong> \u00e8 unica nel suo genere. Infatti, si tratta di <strong>un\u2019articolazione doppia<\/strong> \u2013 una per ciascun lato della testa \u2013 e lavorano SEMPRE in contemporanea.<\/p>\n\n\n\n<p id=\"wp-block-themeisle-blocks-advanced-heading-ee6e73be\" class=\"wp-block-themeisle-blocks-advanced-heading wp-block-themeisle-blocks-advanced-heading-ee6e73be\"><strong>L\u2019articolazione temporo-mandibolare<\/strong> \u2013 ATM \u2013 \u00e8 implicata in <strong>gesti e funzioni della vita di tutti i giorni<\/strong>, che facciamo senza renderci conto della loro complessit\u00e0. Parlare, mangiare, sbadigliare sono solo alcuni esempi!\u00a0<\/p>\n\n\n\n<p id=\"wp-block-themeisle-blocks-advanced-heading-7b8e65bf\" class=\"wp-block-themeisle-blocks-advanced-heading wp-block-themeisle-blocks-advanced-heading-7b8e65bf\">I <strong>movimenti della mandibola<\/strong> per\u00f2, non sono solo quelli di <strong>apertura e chiusura<\/strong> della bocca. Esiste infatti il movimento avanti e indietro \u2013 dove si porta i denti inferiori pi\u00f9 in avanti rispetto a quelli superiori e viceversa. Questo \u00e8 il movimento detto di <strong>protrusione e retrusione<\/strong>. Esiste infine il movimento  da un lato all&#8217;altro della mandibola, detto anche <strong>movimento laterale<\/strong> (diduzione).<\/p>\n\n\n\n<p id=\"wp-block-themeisle-blocks-advanced-heading-84ed4b9a\" class=\"wp-block-themeisle-blocks-advanced-heading wp-block-themeisle-blocks-advanced-heading-84ed4b9a\"><strong>L\u2019articolazione temporo-mandibolare<\/strong> possiede una caratteristica anatomica unica, cio\u00e8 di avere <strong>un disco posto tra la mandibola e l\u2019osso temporale<\/strong> del cranio. Questo ha la funzione di migliorare la congruit\u00e0 tra le due ossa e dare un miglior movimento alla mandibola.\u00a0<\/p>\n\n\n\n<p id=\"wp-block-themeisle-blocks-advanced-heading-6c8e0677\" class=\"wp-block-themeisle-blocks-advanced-heading wp-block-themeisle-blocks-advanced-heading-6c8e0677\"><strong>L\u2019articolazione temporo-mandibolare<\/strong> ha diversi legamenti. Questi sono porzioni di tessuto connettivo che permettono un ulteriore rinforzo delle diverse strutture e del disco articolare. Tra i legamenti troviamo <strong>il legamento di pinto o legamento anteriore del martello<\/strong>. SI tratta di un legamento importantissimo direttamente connesso al <strong>martello<\/strong>, una parte fondamentale dell&#8217;orecchio interno.\u00a0<\/p>\n\n\n\n<h2 id=\"wp-block-themeisle-blocks-advanced-heading-587efdf8\" class=\"wp-block-themeisle-blocks-advanced-heading wp-block-themeisle-blocks-advanced-heading-587efdf8\"><strong>Acufene: di cosa si tratta?<\/strong><\/h2>\n\n\n\n<p id=\"wp-block-themeisle-blocks-advanced-heading-25db1055\" class=\"wp-block-themeisle-blocks-advanced-heading wp-block-themeisle-blocks-advanced-heading-25db1055\">Parliamo ora dell&#8217;altro &#8220;attore&#8221; in campo. Quando si parla di <strong>acufene<\/strong> ci si riferisce a quella sensazione irreale di sentire un <strong>suono <\/strong>\u2013 spesso riferito come ronzio, tintinnio, rombo o fischio \u2013 <strong>che per\u00f2 non \u00e8 oggettivamente presente<\/strong>.<\/p>\n\n\n\n<p id=\"wp-block-themeisle-blocks-advanced-heading-dd118ed7\" class=\"wp-block-themeisle-blocks-advanced-heading wp-block-themeisle-blocks-advanced-heading-dd118ed7\"><strong>L\u2019acufene \u00e8 un disturbo comune<\/strong> nelle persone che colpisce il 10-15% degli adulti e <strong>interessa principalmente strutture auricolari<\/strong>, pertanto viene inserito nelle problematiche dell\u2019orecchio. Per tutti i disturbi che interessano questo distretto, cio\u00e8 l\u2019orecchio, il <strong>medico specialista<\/strong> di riferimento in quest\u2019ambito \u00e8 <strong>l\u2019otorinolaringoiatra<\/strong>.<\/p>\n\n\n\n<p id=\"wp-block-themeisle-blocks-advanced-heading-258ca916\" class=\"wp-block-themeisle-blocks-advanced-heading wp-block-themeisle-blocks-advanced-heading-258ca916\">Nell\u2019immaginario comune <strong>l\u2019acufene <\/strong>viene associato a una vera e propria patologia ma in realt\u00e0 l\u2019acufene <strong>\u00e8 un sintomo<\/strong>. Quindi non \u00e8 altro che una manifestazione di un altro disturbo. Possiamo inoltre distinguere <strong>acufeni \u201c soggettivi\u201d<\/strong>, quando non percepibili da un esaminatore o valutatore, e <strong>acufeni \u201coggettivi\u201c<\/strong>. Questi ultimi sono riconoscibili\u00a0 dall\u2019esaminatore, e possono dipendere da una causa secondaria o periferica.<\/p>\n\n\n\n<p id=\"wp-block-themeisle-blocks-advanced-heading-f2913c46\" class=\"wp-block-themeisle-blocks-advanced-heading wp-block-themeisle-blocks-advanced-heading-f2913c46\">Le cause di un <strong>acufene possono essere molteplici<\/strong> e le pi\u00f9 svariate, ecco una breve carrellata:<\/p>\n\n\n\n<ul class=\"wp-block-list\">\n<li>Problematiche che <strong>interessano l\u2019orecchio esterno<\/strong>, come un semplice tappo di cerume;<\/li>\n<\/ul>\n\n\n\n<ul class=\"wp-block-list\">\n<li>Patologie <strong>dell\u2019orecchio medio<\/strong>, come otiti catarrali acute e croniche, otosclerosi stapedio-ovalare, o problemi muscolari (mioclono dello stapedio, mioclono palatale, tuba d\u2019Eustachio beante);<\/li>\n<\/ul>\n\n\n\n<ul class=\"wp-block-list\">\n<li>Patologie che interessano <strong>l\u2019orecchio interno<\/strong>, le vie e dei centri uditivi o di entrambi;<\/li>\n<\/ul>\n\n\n\n<ul class=\"wp-block-list\">\n<li><strong>Patologie vascolari<\/strong>, esposizione a rumore (ipoacusia da trauma acustico acuto o cronico), farmaci detti ototossici (come per esempio alcuni antibiotici), et\u00e0 (presbiacusia), <strong>malattie degenerative<\/strong> (labirintopatie tossiche, Sindrome di Meni\u00e8re), dismetaboliche e neoplastiche (neurinoma del nervo VIII), malattie autoimmuni, sono causa di affezioni della coclea e del nervo acustico.<\/li>\n<\/ul>\n\n\n\n<h2 id=\"wp-block-themeisle-blocks-advanced-heading-4d4061ba\" class=\"wp-block-themeisle-blocks-advanced-heading wp-block-themeisle-blocks-advanced-heading-4d4061ba\"><strong>Acufene e mandibola: che relazione hanno?<\/strong><\/h2>\n\n\n\n<p id=\"wp-block-themeisle-blocks-advanced-heading-7dd931bc\" class=\"wp-block-themeisle-blocks-advanced-heading wp-block-themeisle-blocks-advanced-heading-7dd931bc\">Molte volte il paziente che presenta <strong>l\u2019acufene non riscontra una vera e propria patologia<\/strong> a carico dell\u2019orecchio. Fatta questa premessa, \u00e8 naturale pensare che questo sintomo<strong> provenga da disturbo di strutture limitrofe<\/strong>. <strong>L\u2019articolazione della mandibola o temporo-mandibolare \u00e8 la zona che ha le pi\u00f9 importanti connessioni<\/strong> e relazioni con l\u2019orecchio.\u00a0<\/p>\n\n\n\n<p id=\"wp-block-themeisle-blocks-advanced-heading-3e99d200\" class=\"wp-block-themeisle-blocks-advanced-heading wp-block-themeisle-blocks-advanced-heading-3e99d200\">Secondo le ultime ricerche scientifiche, \u00e8 apparso come chi soffre di <strong>disturbi mandibolari o temporo-mandibolari, abbia anche come sintomo l\u2019acufene<\/strong>.&nbsp;<\/p>\n\n\n\n<p id=\"wp-block-themeisle-blocks-advanced-heading-4268884a\" class=\"wp-block-themeisle-blocks-advanced-heading wp-block-themeisle-blocks-advanced-heading-4268884a\">Nei <strong>disturbi temporo-mandibolari<\/strong>, <strong>l\u2019acufene<\/strong> \u00e8 talmente frequente che, sempre secondo le ultime ricerche scientifiche, \u00e8 presente <strong>fino al 65% dei pazienti<\/strong>. E\u2019 chiaro che si tratta di numeri elevatissimi, ma come \u00e8 possibile questa intima <strong>relazione<\/strong>?<\/p>\n\n\n\n<p id=\"wp-block-themeisle-blocks-advanced-heading-4acea800\" class=\"wp-block-themeisle-blocks-advanced-heading wp-block-themeisle-blocks-advanced-heading-4acea800\">Questa associazione \u00e8 spiegabile gi\u00e0 a livello embriologico. La mandibola e le sue strutture<strong> si sviluppano in sinergia,<\/strong> cio\u00e8 assieme<strong>. L\u2019acufene<\/strong> quindi, potrebbe essere una conseguenza di un <strong>disturbo mandibolare<\/strong> e dell\u2019articolazione tra cranio e mandibola soprattutto se, durante la valutazione specialistica con il <strong><a href=\"https:\/\/www.dennisrodegher.it\/index.php\/about-us-fisioterapista-terapia-manuale\/\">fisioterapista specializzato<\/a><\/strong>, si riscontrino anche <a href=\"https:\/\/www.dennisrodegher.it\/index.php\/2021\/02\/05\/i-disturbi-temporo-mandibolari\/\">altre problematiche<\/a>.<\/p>\n\n\n\n<p id=\"wp-block-themeisle-blocks-advanced-heading-106893ca\" class=\"wp-block-themeisle-blocks-advanced-heading wp-block-themeisle-blocks-advanced-heading-106893ca\">Le pi\u00f9 frequenti sono:<\/p>\n\n\n\n<ul class=\"wp-block-list\">\n<li>Alterato movimento mandibolare in apertura e chiusura della bocca;<\/li>\n\n\n\n<li><a href=\"https:\/\/www.dennisrodegher.it\/index.php\/2022\/02\/17\/click-mandibola-fisioterapia\/\">Rumore all\u2019articolazione temporo mandibolare<\/a> nei movimenti di aprire e chiudere la bocca;<\/li>\n\n\n\n<li>Dolore facciale o alla mandibola;<\/li>\n\n\n\n<li><a href=\"https:\/\/www.dennisrodegher.it\/index.php\/2021\/12\/15\/mal-di-testa-da-cervicale-fisioterapia-verona\/\">Dolore cervicale<\/a>;<\/li>\n\n\n\n<li><a href=\"https:\/\/www.dennisrodegher.it\/index.php\/cefalea-e-mal-di-testa\/\">Mal di testa o cefalea<\/a>;<\/li>\n\n\n\n<li><strong>Sintomi incostanti o intermittenti<\/strong>, compreso l\u2019acufene;<\/li>\n<\/ul>\n\n\n\n<p id=\"wp-block-themeisle-blocks-advanced-heading-6e8c0c95\" class=\"wp-block-themeisle-blocks-advanced-heading wp-block-themeisle-blocks-advanced-heading-6e8c0c95\">Andando pi\u00f9 in dettaglio, analizziamo qual \u00e8 questa profonda correlazione tra l\u2019acufene e i <strong>disturbi temporo-mandibolari (DTM).<\/strong><\/p>\n\n\n\n<p id=\"wp-block-themeisle-blocks-advanced-heading-abf0e89a\" class=\"wp-block-themeisle-blocks-advanced-heading wp-block-themeisle-blocks-advanced-heading-abf0e89a\">La risposta \u00e8 legata al fatto che le strutture anatomiche hanno un legame molto serrato. Queste, oltre a essere praticamente \u201cattaccate\u201d, hanno un legamento di connessione. Questo legamento, denominato <strong>legamento di pinto o legamento anteriore del martello<\/strong>, permette infatti il collegamento tra la parte <strong>posteriore del disco dell\u2019articolazione della mandibola e una delle piccole ossa che stanno all\u2019interno dell\u2019orecchio: il martello<\/strong>.<\/p>\n\n\n\n<p id=\"wp-block-themeisle-blocks-advanced-heading-2f0e9a11\" class=\"wp-block-themeisle-blocks-advanced-heading wp-block-themeisle-blocks-advanced-heading-2f0e9a11\">A questo punto pare chiaro come la connessione sia profonda e che una disfunzione dell\u2019ATM \u2013 <strong>articolazione temporo-mandibolare<\/strong> &#8211; pu\u00f2 essere <strong>causa di una tensione eccessiva sul martello<\/strong>, creando cos\u00ec i fastidiosi e invalidanti rumori dell\u2019acufene.<\/p>\n\n\n<div class=\"wp-block-image\">\n<figure class=\"aligncenter size-large\"><img loading=\"lazy\" decoding=\"async\" width=\"1024\" height=\"933\" src=\"http:\/\/www.dennisrodegher.it\/wp-content\/uploads\/2023\/04\/orecchio-interno-cause-acufene-martello-1024x933.jpeg\" alt=\"orecchio interno cause acufene martello\" class=\"wp-image-4116\" srcset=\"https:\/\/www.dennisrodegher.it\/wp-content\/uploads\/2023\/04\/orecchio-interno-cause-acufene-martello-1024x933.jpeg 1024w, https:\/\/www.dennisrodegher.it\/wp-content\/uploads\/2023\/04\/orecchio-interno-cause-acufene-martello-300x273.jpeg 300w, https:\/\/www.dennisrodegher.it\/wp-content\/uploads\/2023\/04\/orecchio-interno-cause-acufene-martello-768x700.jpeg 768w, https:\/\/www.dennisrodegher.it\/wp-content\/uploads\/2023\/04\/orecchio-interno-cause-acufene-martello-1200x1094.jpeg 1200w, https:\/\/www.dennisrodegher.it\/wp-content\/uploads\/2023\/04\/orecchio-interno-cause-acufene-martello.jpeg 1300w\" sizes=\"auto, (max-width: 1024px) 100vw, 1024px\" \/><figcaption class=\"wp-element-caption\">struttura dell&#8217;orecchio interno<\/figcaption><\/figure>\n<\/div>\n\n\n<h2 id=\"wp-block-themeisle-blocks-advanced-heading-83e11f98\" class=\"wp-block-themeisle-blocks-advanced-heading wp-block-themeisle-blocks-advanced-heading-83e11f98\"><strong>Cause dell&#8217;acufene: ruolo del fisioterapista specializzato.<\/strong><\/h2>\n\n\n\n<p id=\"wp-block-themeisle-blocks-advanced-heading-4f37889a\" class=\"wp-block-themeisle-blocks-advanced-heading wp-block-themeisle-blocks-advanced-heading-4f37889a\"><strong>La diagnosi di disturbo temporo-mandibolare avviene sia clinicamente sia mediante indagine diagnostica<\/strong>. Durante la <strong>diagnosi clinica<\/strong>, cio\u00e8 durante la visita del <strong>fisioterapista specializzato, dell\u2019otorinolaringoiatra o del chirurgo maxillo-facciale<\/strong>, lo specialista effettuer\u00e0 un esame esterno. Questo consiste nella palpazione delle ossa e dei muscoli mandibolari, del distretto cervicale e dei movimenti effettuati dalla mandibola. Inoltre verranno effettuati dei test pi\u00f9 specifici per valutare <strong>l\u2019articolazione temporo-mandibolare<\/strong> e se \u00e8 <strong>causa dell\u2019acufene<\/strong> lamentato dal paziente.<\/p>\n\n\n\n<p id=\"wp-block-themeisle-blocks-advanced-heading-56ccc0ee\" class=\"wp-block-themeisle-blocks-advanced-heading wp-block-themeisle-blocks-advanced-heading-56ccc0ee\">Gi\u00e0 dalla valutazione clinica del paziente \u00e8 possibile, da parte del <strong>fisioterapista specializzato in disturbi mandibolari<\/strong>, se <strong>l\u2019acufene \u00e8 primario<\/strong>, cio\u00e8 non legato a <strong>disturbi mandibolari<\/strong>, \u00e8 quindi possibile poter indirizzare il paziente verso lo specialista di riferimento, cio\u00e8 l<strong>\u2019otorinolaringoiatra<\/strong>.<\/p>\n\n\n\n<p id=\"wp-block-themeisle-blocks-advanced-heading-835b5179\" class=\"wp-block-themeisle-blocks-advanced-heading wp-block-themeisle-blocks-advanced-heading-835b5179\">Successivamente ci si affider\u00e0 alla <strong>TAC o alla risonanza magnetica<\/strong> per indagare possibili <strong>problematiche o deformit\u00e0 che interessano la mandibola<\/strong>, l\u2019articolazione tra il cranio e la mandibola e il canale uditivo. Come spiegato in precedenza, <strong>l\u2019acufene \u00e8 solo un sintomo<\/strong>, ma le <strong>cause possono essere molteplici<\/strong>.<\/p>\n\n\n\n<p id=\"wp-block-themeisle-blocks-advanced-heading-760aa320\" class=\"wp-block-themeisle-blocks-advanced-heading wp-block-themeisle-blocks-advanced-heading-760aa320\">In caso contrario, cio\u00e8 se durante la valutazione clinica si capisce che l\u2019acufene \u00e8 correlato a <strong>disturbi temporo-mandibolari<\/strong>, <strong>il fisioterapista pu\u00f2 agire in modo mirato al problema<\/strong>, risolvendo la causa che porta il paziente ad avere <strong>l\u2019acufene<\/strong>.<\/p>\n\n\n\n<h2 id=\"wp-block-themeisle-blocks-advanced-heading-6e26c8eb\" class=\"wp-block-themeisle-blocks-advanced-heading wp-block-themeisle-blocks-advanced-heading-6e26c8eb\"><strong>Acufene, fisioterapia e riabilitazione: rimedi, cure, cosa fare.<\/strong><\/h2>\n\n\n\n<p id=\"wp-block-themeisle-blocks-advanced-heading-2352a0fc\" class=\"wp-block-themeisle-blocks-advanced-heading wp-block-themeisle-blocks-advanced-heading-2352a0fc\">Come detto nel paragrafo precedente, alcuni <strong>acufeni sono conseguenti a problematiche all\u2019articolazione temporo-mandibolare<\/strong>. In questi casi la <strong>fisioterapia \u00e8 la via principale<\/strong> per risolvere il disturbo. Il <strong>fisioterapista specializzato in disturbi mandibolari, mediante un\u2019adeguata valutazione preliminare riuscir\u00e0 a individuare la causa precisa del problema<\/strong>.<\/p>\n\n\n\n<p id=\"wp-block-themeisle-blocks-advanced-heading-749f2b27\" class=\"wp-block-themeisle-blocks-advanced-heading wp-block-themeisle-blocks-advanced-heading-749f2b27\"><strong>&nbsp;<\/strong><strong>Il fisioterapista specializzato in ATM<\/strong> (articolazione temporo mandibolare) mediante <strong>tecniche manuali<\/strong> extraorali (al di fuori della bocca) e intraorali (all\u2019interno della bocca) aiuter\u00e0 il paziente a risolvere le possibili disfunzioni dell\u2019ATM.&nbsp;<\/p>\n\n\n<div class=\"wp-block-image\">\n<figure class=\"aligncenter size-large\"><img loading=\"lazy\" decoding=\"async\" width=\"1024\" height=\"982\" src=\"http:\/\/www.dennisrodegher.it\/wp-content\/uploads\/2023\/04\/cause-acufene-mandibola-fisioterapia-1024x982.png\" alt=\"cause acufene mandibola fisioterapia\" class=\"wp-image-4113\" srcset=\"https:\/\/www.dennisrodegher.it\/wp-content\/uploads\/2023\/04\/cause-acufene-mandibola-fisioterapia-1024x982.png 1024w, https:\/\/www.dennisrodegher.it\/wp-content\/uploads\/2023\/04\/cause-acufene-mandibola-fisioterapia-300x288.png 300w, https:\/\/www.dennisrodegher.it\/wp-content\/uploads\/2023\/04\/cause-acufene-mandibola-fisioterapia-768x737.png 768w, https:\/\/www.dennisrodegher.it\/wp-content\/uploads\/2023\/04\/cause-acufene-mandibola-fisioterapia-1536x1473.png 1536w, https:\/\/www.dennisrodegher.it\/wp-content\/uploads\/2023\/04\/cause-acufene-mandibola-fisioterapia-1200x1151.png 1200w, https:\/\/www.dennisrodegher.it\/wp-content\/uploads\/2023\/04\/cause-acufene-mandibola-fisioterapia.png 1858w\" sizes=\"auto, (max-width: 1024px) 100vw, 1024px\" \/><figcaption class=\"wp-element-caption\">Esempio: trattamento intraorale dell\u2019articolare ATM<\/figcaption><\/figure>\n<\/div>\n\n\n<p id=\"wp-block-themeisle-blocks-advanced-heading-00e69b18\" class=\"wp-block-themeisle-blocks-advanced-heading wp-block-themeisle-blocks-advanced-heading-00e69b18\">Un altro strumento fondamentale per la terapia per curare l\u2019acufene derivante da un disturbo temporo-mandibolare<strong> <\/strong>\u00e8 l&#8217;<strong>esercizio terapeutico<\/strong>. Questo consiste in una serie di movimenti controllati, che dovranno essere personalizzati e guidati dal fisioterapista specializzato.<\/p>\n\n\n\n<p class=\"wp-block-paragraph\">In questo caso \u00e8 sempre <strong>fondamentale lavorare in un team multi-disciplinare anche con lo specialista di riferimento, cio\u00e8 l\u2019otorino<\/strong>. Spesso esistono forme miste o ibride in cui l\u2019acufene \u00e8 anche in parte causato da un disturbo mandibolare ma non completamente.&nbsp;<\/p>\n\n\n\n<p class=\"wp-block-paragraph\">In questo modo si permette al paziente di curare l\u2019acufene nel miglior modo possibile.<\/p>\n\n\n\n<h2 id=\"wp-block-themeisle-blocks-advanced-heading-fb90fc02\" class=\"wp-block-themeisle-blocks-advanced-heading wp-block-themeisle-blocks-advanced-heading-fb90fc02\">Conclusione<\/h2>\n\n\n\n<p id=\"wp-block-themeisle-blocks-advanced-heading-a96f4176\" class=\"wp-block-themeisle-blocks-advanced-heading wp-block-themeisle-blocks-advanced-heading-a96f4176\">In conclusione, l&#8217;acufene pu\u00f2 avere molteplici cause, tra cui problemi dell&#8217;orecchio interno, esposizione al rumore, traumi alla testa o al collo, e altri fattori come lo stress e l&#8217;ansia. Tuttavia, spesso l&#8217;acufene pu\u00f2 essere associato anche a problemi della mandibola. Questi problemi possono causare tensione muscolare e infiammazione, che possono influire sulla funzione dell&#8217;orecchio e causare acufeni.<\/p>\n\n\n\n<p id=\"wp-block-themeisle-blocks-advanced-heading-54c45655\" class=\"wp-block-themeisle-blocks-advanced-heading wp-block-themeisle-blocks-advanced-heading-54c45655\">Se si soffre di acufeni e di problemi alla mandibola, \u00e8 importante parlare con un medico o un fisioterapista specializzato per determinare se ci sia una correlazione tra i due. Il trattamento dell&#8217;acufene pu\u00f2 variare a seconda delle cause sottostanti, ma il rilassamento muscolare, <strong>il trattamento manuale e l&#8217;esercizio terapeutico<\/strong> possono essere utili per alleviare i sintomi. Inoltre, l&#8217;identificazione e la gestione dei fattori scatenanti, come l&#8217;esposizione al rumore forte o l&#8217;assunzione di determinati farmaci, pu\u00f2 aiutare a prevenire l&#8217;insorgenza degli acufeni.<\/p>\n\n\n\n<p id=\"wp-block-themeisle-blocks-advanced-heading-f3043dfa\" class=\"wp-block-themeisle-blocks-advanced-heading wp-block-themeisle-blocks-advanced-heading-f3043dfa\">In definitiva, la ricerca delle cause sottostanti degli acufeni e la loro gestione sono fondamentali per il trattamento efficace di questa condizione. Se sospetti che i problemi della mandibola possano essere coinvolti, \u00e8 importante parlare con un professionista sanitario qualificato per escludere o trattare eventuali problemi nella zona della mandibola.<\/p>\n\n\n\n<p id=\"wp-block-themeisle-blocks-advanced-heading-3cab2b67\" class=\"wp-block-themeisle-blocks-advanced-heading wp-block-themeisle-blocks-advanced-heading-3cab2b67\">Spero che questo articolo ti sia stato utile per capire le cause dell&#8217;acufene e imparare qualcosa di nuovo sul nostro corpo. Se lo hai trovato interessante, condividilo in rete con le persone che pensi possano trovare utili le informazioni contenute qui. Mi aiuterai a creare pi\u00f9 articoli come questo e a migliorare il mio sito.<\/p>\n\n\n\n<div class=\"wp-block-buttons is-content-justification-center is-layout-flex wp-container-core-buttons-is-layout-fe48e5de wp-block-buttons-is-layout-flex\">\n<div class=\"wp-block-button\"><a class=\"wp-block-button__link has-background wp-element-button\" href=\"https:\/\/www.dennisrodegher.it\/index.php\/contact-us\/\" style=\"border-radius:18px;background-color:#0a0021\">Contattami<\/a><\/div>\n<\/div>\n\n\n\n<div style=\"height:30px\" aria-hidden=\"true\" class=\"wp-block-spacer\"><\/div>\n\n\n\n<h2 id=\"wp-block-themeisle-blocks-advanced-heading-a5b66636\" class=\"wp-block-themeisle-blocks-advanced-heading wp-block-themeisle-blocks-advanced-heading-a5b66636\">Domande frequenti<\/h2>\n\n\n\n<div class=\"schema-faq wp-block-yoast-faq-block\"><div class=\"schema-faq-section\" id=\"faq-question-1682780958398\"><strong class=\"schema-faq-question\">Cos&#8217;\u00e8 l&#8217;acufene?<\/strong> <p class=\"schema-faq-answer\">L&#8217;acufene \u00e8 una condizione in cui si percepiscono suoni continui o intermittenti nelle orecchie o nella testa senza alcuna fonte esterna.<\/p> <\/div> <div class=\"schema-faq-section\" id=\"faq-question-1682780984806\"><strong class=\"schema-faq-question\">Cos&#8217;\u00e8 un disturbo temporomandibolare?<\/strong> <p class=\"schema-faq-answer\">Un disturbo temporomandibolare \u00e8 un problema in cui il sistema di articolazione temporomandibolare (ATM) non funziona correttamente. Ci\u00f2 pu\u00f2 causare una serie di sintomi come dolore alla mascella, mal di testa e difficolt\u00e0 nella masticazione. A volte un sintomo di questi disturbi \u00e8 proprio l&#8217;acufene.<\/p> <\/div> <div class=\"schema-faq-section\" id=\"faq-question-1682781069633\"><strong class=\"schema-faq-question\">Come si pu\u00f2 trattare il disturbo temporomandibolare?<\/strong> <p class=\"schema-faq-answer\">Il trattamento del disturbo temporomandibolare pu\u00f2 variare in base alla causa. Ci sono diverse opzioni di trattamento disponibili, come la terapia manuale, l&#8217;esercizio terapeutico e, in alcuni casi, i farmaci.<\/p> <\/div> <div class=\"schema-faq-section\" id=\"faq-question-1682781175869\"><strong class=\"schema-faq-question\">L&#8217;acufene pu\u00f2 essere causato dal disturbo temporomandibolare?<\/strong> <p class=\"schema-faq-answer\">L&#8217;acufene pu\u00f2 essere associato alla disfunzione della mandibola in alcune persone, ma non sempre. Ci\u00f2 \u00e8 dovuto al fatto che l&#8217;ATM e l&#8217;orecchio interno sono vicini l&#8217;uno all&#8217;altro e condividono alcune strutture anatomiche. Tuttavia, non tutti i pazienti con disfunzione della mandibola sviluppano acufene e viceversa. \u00c8 fondamentale la valutazione di un professionista sanitario come il medico o il fisioterapista specializzato.<\/p> <\/div> <\/div>\n","protected":false},"excerpt":{"rendered":"<p>Tra le cause dell&#8217;acufene, ci sono i disturbi legati all&#8217;articolazione della mandibola. La fisioterapia pu\u00f2 aiutarti!<\/p>\n","protected":false},"author":1,"featured_media":4113,"comment_status":"closed","ping_status":"open","sticky":false,"template":"","format":"standard","meta":{"_themeisle_gutenberg_block_has_review":false,"footnotes":""},"categories":[1],"tags":[],"class_list":["post-4111","post","type-post","status-publish","format-standard","has-post-thumbnail","hentry","category-uncategorized"],"yoast_head":"<!-- This site is optimized with the Yoast SEO plugin v28.3 - https:\/\/yoast.com\/product\/yoast-seo-wordpress\/ -->\n<title>Le cause dell&#039;acufene legate alla mandibola - Dott. Dennis Rodegher<\/title>\n<meta name=\"description\" content=\"Tra le cause dell&#039;acufene, ci sono i disturbi legati all&#039;articolazione della mandibola. La fisioterapia pu\u00f2 aiutarti!\" \/>\n<meta name=\"robots\" content=\"index, follow, max-snippet:-1, max-image-preview:large, max-video-preview:-1\" \/>\n<link rel=\"canonical\" href=\"https:\/\/www.dennisrodegher.it\/index.php\/2023\/04\/29\/cause-acufene-mandibola\/\" \/>\n<meta property=\"og:locale\" content=\"it_IT\" \/>\n<meta property=\"og:type\" content=\"article\" \/>\n<meta property=\"og:title\" content=\"Le cause dell&#039;acufene legate alla mandibola - Dott. Dennis Rodegher\" \/>\n<meta property=\"og:description\" content=\"Tra le cause dell&#039;acufene, ci sono i disturbi legati all&#039;articolazione della mandibola. La fisioterapia pu\u00f2 aiutarti!\" \/>\n<meta property=\"og:url\" content=\"https:\/\/www.dennisrodegher.it\/index.php\/2023\/04\/29\/cause-acufene-mandibola\/\" \/>\n<meta property=\"og:site_name\" content=\"Dott. Dennis Rodegher\" \/>\n<meta property=\"article:publisher\" content=\"https:\/\/www.facebook.com\/dennisrodegherfisioterapia\" \/>\n<meta property=\"article:author\" content=\"https:\/\/www.facebook.com\/dennisrodegherfisioterapia\" \/>\n<meta property=\"article:published_time\" content=\"2023-04-29T15:16:25+00:00\" \/>\n<meta property=\"article:modified_time\" content=\"2023-04-29T15:16:28+00:00\" \/>\n<meta property=\"og:image\" content=\"http:\/\/www.dennisrodegher.it\/wp-content\/uploads\/2023\/04\/cause-acufene-mandibola-fisioterapia-1024x982.png\" \/>\n\t<meta property=\"og:image:width\" content=\"1024\" \/>\n\t<meta property=\"og:image:height\" content=\"982\" \/>\n\t<meta property=\"og:image:type\" content=\"image\/png\" \/>\n<meta name=\"author\" content=\"Dennis Rodegher\" \/>\n<meta name=\"twitter:card\" content=\"summary_large_image\" \/>\n<meta name=\"twitter:label1\" content=\"Scritto da\" \/>\n\t<meta name=\"twitter:data1\" content=\"Dennis Rodegher\" \/>\n\t<meta name=\"twitter:label2\" content=\"Tempo di lettura stimato\" \/>\n\t<meta name=\"twitter:data2\" content=\"10 minuti\" \/>\n<script type=\"application\/ld+json\" class=\"yoast-schema-graph\">{\"@context\":\"https:\\\/\\\/schema.org\",\"@graph\":[{\"@type\":\"Article\",\"@id\":\"https:\\\/\\\/www.dennisrodegher.it\\\/index.php\\\/2023\\\/04\\\/29\\\/cause-acufene-mandibola\\\/#article\",\"isPartOf\":{\"@id\":\"https:\\\/\\\/www.dennisrodegher.it\\\/index.php\\\/2023\\\/04\\\/29\\\/cause-acufene-mandibola\\\/\"},\"author\":{\"name\":\"Dennis Rodegher\",\"@id\":\"https:\\\/\\\/www.dennisrodegher.it\\\/#\\\/schema\\\/person\\\/00932619b7f059d963cb907dfebe5542\"},\"headline\":\"Le cause dell&#8217;acufene legate alla mandibola\",\"datePublished\":\"2023-04-29T15:16:25+00:00\",\"dateModified\":\"2023-04-29T15:16:28+00:00\",\"mainEntityOfPage\":{\"@id\":\"https:\\\/\\\/www.dennisrodegher.it\\\/index.php\\\/2023\\\/04\\\/29\\\/cause-acufene-mandibola\\\/\"},\"wordCount\":1834,\"publisher\":{\"@id\":\"https:\\\/\\\/www.dennisrodegher.it\\\/#\\\/schema\\\/person\\\/00932619b7f059d963cb907dfebe5542\"},\"image\":{\"@id\":\"https:\\\/\\\/www.dennisrodegher.it\\\/index.php\\\/2023\\\/04\\\/29\\\/cause-acufene-mandibola\\\/#primaryimage\"},\"thumbnailUrl\":\"https:\\\/\\\/www.dennisrodegher.it\\\/wp-content\\\/uploads\\\/2023\\\/04\\\/cause-acufene-mandibola-fisioterapia.png\",\"articleSection\":[\"Uncategorized\"],\"inLanguage\":\"it-IT\"},{\"@type\":[\"WebPage\",\"FAQPage\"],\"@id\":\"https:\\\/\\\/www.dennisrodegher.it\\\/index.php\\\/2023\\\/04\\\/29\\\/cause-acufene-mandibola\\\/\",\"url\":\"https:\\\/\\\/www.dennisrodegher.it\\\/index.php\\\/2023\\\/04\\\/29\\\/cause-acufene-mandibola\\\/\",\"name\":\"Le cause dell'acufene legate alla mandibola - Dott. Dennis Rodegher\",\"isPartOf\":{\"@id\":\"https:\\\/\\\/www.dennisrodegher.it\\\/#website\"},\"primaryImageOfPage\":{\"@id\":\"https:\\\/\\\/www.dennisrodegher.it\\\/index.php\\\/2023\\\/04\\\/29\\\/cause-acufene-mandibola\\\/#primaryimage\"},\"image\":{\"@id\":\"https:\\\/\\\/www.dennisrodegher.it\\\/index.php\\\/2023\\\/04\\\/29\\\/cause-acufene-mandibola\\\/#primaryimage\"},\"thumbnailUrl\":\"https:\\\/\\\/www.dennisrodegher.it\\\/wp-content\\\/uploads\\\/2023\\\/04\\\/cause-acufene-mandibola-fisioterapia.png\",\"datePublished\":\"2023-04-29T15:16:25+00:00\",\"dateModified\":\"2023-04-29T15:16:28+00:00\",\"description\":\"Tra le cause dell'acufene, ci sono i disturbi legati all'articolazione della mandibola. La fisioterapia pu\u00f2 aiutarti!\",\"breadcrumb\":{\"@id\":\"https:\\\/\\\/www.dennisrodegher.it\\\/index.php\\\/2023\\\/04\\\/29\\\/cause-acufene-mandibola\\\/#breadcrumb\"},\"mainEntity\":[{\"@id\":\"https:\\\/\\\/www.dennisrodegher.it\\\/index.php\\\/2023\\\/04\\\/29\\\/cause-acufene-mandibola\\\/#faq-question-1682780958398\"},{\"@id\":\"https:\\\/\\\/www.dennisrodegher.it\\\/index.php\\\/2023\\\/04\\\/29\\\/cause-acufene-mandibola\\\/#faq-question-1682780984806\"},{\"@id\":\"https:\\\/\\\/www.dennisrodegher.it\\\/index.php\\\/2023\\\/04\\\/29\\\/cause-acufene-mandibola\\\/#faq-question-1682781069633\"},{\"@id\":\"https:\\\/\\\/www.dennisrodegher.it\\\/index.php\\\/2023\\\/04\\\/29\\\/cause-acufene-mandibola\\\/#faq-question-1682781175869\"}],\"inLanguage\":\"it-IT\",\"potentialAction\":[{\"@type\":\"ReadAction\",\"target\":[\"https:\\\/\\\/www.dennisrodegher.it\\\/index.php\\\/2023\\\/04\\\/29\\\/cause-acufene-mandibola\\\/\"]}]},{\"@type\":\"ImageObject\",\"inLanguage\":\"it-IT\",\"@id\":\"https:\\\/\\\/www.dennisrodegher.it\\\/index.php\\\/2023\\\/04\\\/29\\\/cause-acufene-mandibola\\\/#primaryimage\",\"url\":\"https:\\\/\\\/www.dennisrodegher.it\\\/wp-content\\\/uploads\\\/2023\\\/04\\\/cause-acufene-mandibola-fisioterapia.png\",\"contentUrl\":\"https:\\\/\\\/www.dennisrodegher.it\\\/wp-content\\\/uploads\\\/2023\\\/04\\\/cause-acufene-mandibola-fisioterapia.png\",\"width\":1858,\"height\":1782,\"caption\":\"Esempio: trattamento intraorale dell\u2019articolare ATM\"},{\"@type\":\"BreadcrumbList\",\"@id\":\"https:\\\/\\\/www.dennisrodegher.it\\\/index.php\\\/2023\\\/04\\\/29\\\/cause-acufene-mandibola\\\/#breadcrumb\",\"itemListElement\":[{\"@type\":\"ListItem\",\"position\":1,\"name\":\"Home\",\"item\":\"https:\\\/\\\/www.dennisrodegher.it\\\/\"},{\"@type\":\"ListItem\",\"position\":2,\"name\":\"Le cause dell&#8217;acufene legate alla mandibola\"}]},{\"@type\":\"WebSite\",\"@id\":\"https:\\\/\\\/www.dennisrodegher.it\\\/#website\",\"url\":\"https:\\\/\\\/www.dennisrodegher.it\\\/\",\"name\":\"Dott. Dennis Rodegher\",\"description\":\"\",\"publisher\":{\"@id\":\"https:\\\/\\\/www.dennisrodegher.it\\\/#\\\/schema\\\/person\\\/00932619b7f059d963cb907dfebe5542\"},\"potentialAction\":[{\"@type\":\"SearchAction\",\"target\":{\"@type\":\"EntryPoint\",\"urlTemplate\":\"https:\\\/\\\/www.dennisrodegher.it\\\/?s={search_term_string}\"},\"query-input\":{\"@type\":\"PropertyValueSpecification\",\"valueRequired\":true,\"valueName\":\"search_term_string\"}}],\"inLanguage\":\"it-IT\"},{\"@type\":[\"Person\",\"Organization\"],\"@id\":\"https:\\\/\\\/www.dennisrodegher.it\\\/#\\\/schema\\\/person\\\/00932619b7f059d963cb907dfebe5542\",\"name\":\"Dennis Rodegher\",\"image\":{\"@type\":\"ImageObject\",\"inLanguage\":\"it-IT\",\"@id\":\"https:\\\/\\\/www.dennisrodegher.it\\\/wp-content\\\/uploads\\\/2022\\\/06\\\/logo-Dennis-Rodegher-Fisioterapia.png\",\"url\":\"https:\\\/\\\/www.dennisrodegher.it\\\/wp-content\\\/uploads\\\/2022\\\/06\\\/logo-Dennis-Rodegher-Fisioterapia.png\",\"contentUrl\":\"https:\\\/\\\/www.dennisrodegher.it\\\/wp-content\\\/uploads\\\/2022\\\/06\\\/logo-Dennis-Rodegher-Fisioterapia.png\",\"width\":1181,\"height\":1181,\"caption\":\"Dennis Rodegher\"},\"logo\":{\"@id\":\"https:\\\/\\\/www.dennisrodegher.it\\\/wp-content\\\/uploads\\\/2022\\\/06\\\/logo-Dennis-Rodegher-Fisioterapia.png\"},\"sameAs\":[\"http:\\\/\\\/www.dennisrodegher.it\",\"https:\\\/\\\/www.facebook.com\\\/dennisrodegherfisioterapia\",\"https:\\\/\\\/www.instagram.com\\\/dennis_rodegher_fisioterapista\\\/\"]},{\"@type\":\"Question\",\"@id\":\"https:\\\/\\\/www.dennisrodegher.it\\\/index.php\\\/2023\\\/04\\\/29\\\/cause-acufene-mandibola\\\/#faq-question-1682780958398\",\"position\":1,\"url\":\"https:\\\/\\\/www.dennisrodegher.it\\\/index.php\\\/2023\\\/04\\\/29\\\/cause-acufene-mandibola\\\/#faq-question-1682780958398\",\"name\":\"Cos'\u00e8 l'acufene?\",\"answerCount\":1,\"acceptedAnswer\":{\"@type\":\"Answer\",\"text\":\"L'acufene \u00e8 una condizione in cui si percepiscono suoni continui o intermittenti nelle orecchie o nella testa senza alcuna fonte esterna.\",\"inLanguage\":\"it-IT\"},\"inLanguage\":\"it-IT\"},{\"@type\":\"Question\",\"@id\":\"https:\\\/\\\/www.dennisrodegher.it\\\/index.php\\\/2023\\\/04\\\/29\\\/cause-acufene-mandibola\\\/#faq-question-1682780984806\",\"position\":2,\"url\":\"https:\\\/\\\/www.dennisrodegher.it\\\/index.php\\\/2023\\\/04\\\/29\\\/cause-acufene-mandibola\\\/#faq-question-1682780984806\",\"name\":\"Cos'\u00e8 un disturbo temporomandibolare?\",\"answerCount\":1,\"acceptedAnswer\":{\"@type\":\"Answer\",\"text\":\"Un disturbo temporomandibolare \u00e8 un problema in cui il sistema di articolazione temporomandibolare (ATM) non funziona correttamente. Ci\u00f2 pu\u00f2 causare una serie di sintomi come dolore alla mascella, mal di testa e difficolt\u00e0 nella masticazione. A volte un sintomo di questi disturbi \u00e8 proprio l'acufene.\",\"inLanguage\":\"it-IT\"},\"inLanguage\":\"it-IT\"},{\"@type\":\"Question\",\"@id\":\"https:\\\/\\\/www.dennisrodegher.it\\\/index.php\\\/2023\\\/04\\\/29\\\/cause-acufene-mandibola\\\/#faq-question-1682781069633\",\"position\":3,\"url\":\"https:\\\/\\\/www.dennisrodegher.it\\\/index.php\\\/2023\\\/04\\\/29\\\/cause-acufene-mandibola\\\/#faq-question-1682781069633\",\"name\":\"Come si pu\u00f2 trattare il disturbo temporomandibolare?\",\"answerCount\":1,\"acceptedAnswer\":{\"@type\":\"Answer\",\"text\":\"Il trattamento del disturbo temporomandibolare pu\u00f2 variare in base alla causa. Ci sono diverse opzioni di trattamento disponibili, come la terapia manuale, l'esercizio terapeutico e, in alcuni casi, i farmaci.\",\"inLanguage\":\"it-IT\"},\"inLanguage\":\"it-IT\"},{\"@type\":\"Question\",\"@id\":\"https:\\\/\\\/www.dennisrodegher.it\\\/index.php\\\/2023\\\/04\\\/29\\\/cause-acufene-mandibola\\\/#faq-question-1682781175869\",\"position\":4,\"url\":\"https:\\\/\\\/www.dennisrodegher.it\\\/index.php\\\/2023\\\/04\\\/29\\\/cause-acufene-mandibola\\\/#faq-question-1682781175869\",\"name\":\"L'acufene pu\u00f2 essere causato dal disturbo temporomandibolare?\",\"answerCount\":1,\"acceptedAnswer\":{\"@type\":\"Answer\",\"text\":\"L'acufene pu\u00f2 essere associato alla disfunzione della mandibola in alcune persone, ma non sempre. Ci\u00f2 \u00e8 dovuto al fatto che l'ATM e l'orecchio interno sono vicini l'uno all'altro e condividono alcune strutture anatomiche. Tuttavia, non tutti i pazienti con disfunzione della mandibola sviluppano acufene e viceversa. \u00c8 fondamentale la valutazione di un professionista sanitario come il medico o il fisioterapista specializzato.\",\"inLanguage\":\"it-IT\"},\"inLanguage\":\"it-IT\"}]}<\/script>\n<!-- \/ Yoast SEO plugin. -->","yoast_head_json":{"title":"Le cause dell'acufene legate alla mandibola - Dott. Dennis Rodegher","description":"Tra le cause dell'acufene, ci sono i disturbi legati all'articolazione della mandibola. La fisioterapia pu\u00f2 aiutarti!","robots":{"index":"index","follow":"follow","max-snippet":"max-snippet:-1","max-image-preview":"max-image-preview:large","max-video-preview":"max-video-preview:-1"},"canonical":"https:\/\/www.dennisrodegher.it\/index.php\/2023\/04\/29\/cause-acufene-mandibola\/","og_locale":"it_IT","og_type":"article","og_title":"Le cause dell'acufene legate alla mandibola - Dott. Dennis Rodegher","og_description":"Tra le cause dell'acufene, ci sono i disturbi legati all'articolazione della mandibola. La fisioterapia pu\u00f2 aiutarti!","og_url":"https:\/\/www.dennisrodegher.it\/index.php\/2023\/04\/29\/cause-acufene-mandibola\/","og_site_name":"Dott. Dennis Rodegher","article_publisher":"https:\/\/www.facebook.com\/dennisrodegherfisioterapia","article_author":"https:\/\/www.facebook.com\/dennisrodegherfisioterapia","article_published_time":"2023-04-29T15:16:25+00:00","article_modified_time":"2023-04-29T15:16:28+00:00","og_image":[{"width":1024,"height":982,"url":"http:\/\/www.dennisrodegher.it\/wp-content\/uploads\/2023\/04\/cause-acufene-mandibola-fisioterapia-1024x982.png","type":"image\/png"}],"author":"Dennis Rodegher","twitter_card":"summary_large_image","twitter_misc":{"Scritto da":"Dennis Rodegher","Tempo di lettura stimato":"10 minuti"},"schema":{"@context":"https:\/\/schema.org","@graph":[{"@type":"Article","@id":"https:\/\/www.dennisrodegher.it\/index.php\/2023\/04\/29\/cause-acufene-mandibola\/#article","isPartOf":{"@id":"https:\/\/www.dennisrodegher.it\/index.php\/2023\/04\/29\/cause-acufene-mandibola\/"},"author":{"name":"Dennis Rodegher","@id":"https:\/\/www.dennisrodegher.it\/#\/schema\/person\/00932619b7f059d963cb907dfebe5542"},"headline":"Le cause dell&#8217;acufene legate alla mandibola","datePublished":"2023-04-29T15:16:25+00:00","dateModified":"2023-04-29T15:16:28+00:00","mainEntityOfPage":{"@id":"https:\/\/www.dennisrodegher.it\/index.php\/2023\/04\/29\/cause-acufene-mandibola\/"},"wordCount":1834,"publisher":{"@id":"https:\/\/www.dennisrodegher.it\/#\/schema\/person\/00932619b7f059d963cb907dfebe5542"},"image":{"@id":"https:\/\/www.dennisrodegher.it\/index.php\/2023\/04\/29\/cause-acufene-mandibola\/#primaryimage"},"thumbnailUrl":"https:\/\/www.dennisrodegher.it\/wp-content\/uploads\/2023\/04\/cause-acufene-mandibola-fisioterapia.png","articleSection":["Uncategorized"],"inLanguage":"it-IT"},{"@type":["WebPage","FAQPage"],"@id":"https:\/\/www.dennisrodegher.it\/index.php\/2023\/04\/29\/cause-acufene-mandibola\/","url":"https:\/\/www.dennisrodegher.it\/index.php\/2023\/04\/29\/cause-acufene-mandibola\/","name":"Le cause dell'acufene legate alla mandibola - Dott. Dennis Rodegher","isPartOf":{"@id":"https:\/\/www.dennisrodegher.it\/#website"},"primaryImageOfPage":{"@id":"https:\/\/www.dennisrodegher.it\/index.php\/2023\/04\/29\/cause-acufene-mandibola\/#primaryimage"},"image":{"@id":"https:\/\/www.dennisrodegher.it\/index.php\/2023\/04\/29\/cause-acufene-mandibola\/#primaryimage"},"thumbnailUrl":"https:\/\/www.dennisrodegher.it\/wp-content\/uploads\/2023\/04\/cause-acufene-mandibola-fisioterapia.png","datePublished":"2023-04-29T15:16:25+00:00","dateModified":"2023-04-29T15:16:28+00:00","description":"Tra le cause dell'acufene, ci sono i disturbi legati all'articolazione della mandibola. La fisioterapia pu\u00f2 aiutarti!","breadcrumb":{"@id":"https:\/\/www.dennisrodegher.it\/index.php\/2023\/04\/29\/cause-acufene-mandibola\/#breadcrumb"},"mainEntity":[{"@id":"https:\/\/www.dennisrodegher.it\/index.php\/2023\/04\/29\/cause-acufene-mandibola\/#faq-question-1682780958398"},{"@id":"https:\/\/www.dennisrodegher.it\/index.php\/2023\/04\/29\/cause-acufene-mandibola\/#faq-question-1682780984806"},{"@id":"https:\/\/www.dennisrodegher.it\/index.php\/2023\/04\/29\/cause-acufene-mandibola\/#faq-question-1682781069633"},{"@id":"https:\/\/www.dennisrodegher.it\/index.php\/2023\/04\/29\/cause-acufene-mandibola\/#faq-question-1682781175869"}],"inLanguage":"it-IT","potentialAction":[{"@type":"ReadAction","target":["https:\/\/www.dennisrodegher.it\/index.php\/2023\/04\/29\/cause-acufene-mandibola\/"]}]},{"@type":"ImageObject","inLanguage":"it-IT","@id":"https:\/\/www.dennisrodegher.it\/index.php\/2023\/04\/29\/cause-acufene-mandibola\/#primaryimage","url":"https:\/\/www.dennisrodegher.it\/wp-content\/uploads\/2023\/04\/cause-acufene-mandibola-fisioterapia.png","contentUrl":"https:\/\/www.dennisrodegher.it\/wp-content\/uploads\/2023\/04\/cause-acufene-mandibola-fisioterapia.png","width":1858,"height":1782,"caption":"Esempio: trattamento intraorale dell\u2019articolare ATM"},{"@type":"BreadcrumbList","@id":"https:\/\/www.dennisrodegher.it\/index.php\/2023\/04\/29\/cause-acufene-mandibola\/#breadcrumb","itemListElement":[{"@type":"ListItem","position":1,"name":"Home","item":"https:\/\/www.dennisrodegher.it\/"},{"@type":"ListItem","position":2,"name":"Le cause dell&#8217;acufene legate alla mandibola"}]},{"@type":"WebSite","@id":"https:\/\/www.dennisrodegher.it\/#website","url":"https:\/\/www.dennisrodegher.it\/","name":"Dott. Dennis Rodegher","description":"","publisher":{"@id":"https:\/\/www.dennisrodegher.it\/#\/schema\/person\/00932619b7f059d963cb907dfebe5542"},"potentialAction":[{"@type":"SearchAction","target":{"@type":"EntryPoint","urlTemplate":"https:\/\/www.dennisrodegher.it\/?s={search_term_string}"},"query-input":{"@type":"PropertyValueSpecification","valueRequired":true,"valueName":"search_term_string"}}],"inLanguage":"it-IT"},{"@type":["Person","Organization"],"@id":"https:\/\/www.dennisrodegher.it\/#\/schema\/person\/00932619b7f059d963cb907dfebe5542","name":"Dennis Rodegher","image":{"@type":"ImageObject","inLanguage":"it-IT","@id":"https:\/\/www.dennisrodegher.it\/wp-content\/uploads\/2022\/06\/logo-Dennis-Rodegher-Fisioterapia.png","url":"https:\/\/www.dennisrodegher.it\/wp-content\/uploads\/2022\/06\/logo-Dennis-Rodegher-Fisioterapia.png","contentUrl":"https:\/\/www.dennisrodegher.it\/wp-content\/uploads\/2022\/06\/logo-Dennis-Rodegher-Fisioterapia.png","width":1181,"height":1181,"caption":"Dennis Rodegher"},"logo":{"@id":"https:\/\/www.dennisrodegher.it\/wp-content\/uploads\/2022\/06\/logo-Dennis-Rodegher-Fisioterapia.png"},"sameAs":["http:\/\/www.dennisrodegher.it","https:\/\/www.facebook.com\/dennisrodegherfisioterapia","https:\/\/www.instagram.com\/dennis_rodegher_fisioterapista\/"]},{"@type":"Question","@id":"https:\/\/www.dennisrodegher.it\/index.php\/2023\/04\/29\/cause-acufene-mandibola\/#faq-question-1682780958398","position":1,"url":"https:\/\/www.dennisrodegher.it\/index.php\/2023\/04\/29\/cause-acufene-mandibola\/#faq-question-1682780958398","name":"Cos'\u00e8 l'acufene?","answerCount":1,"acceptedAnswer":{"@type":"Answer","text":"L'acufene \u00e8 una condizione in cui si percepiscono suoni continui o intermittenti nelle orecchie o nella testa senza alcuna fonte esterna.","inLanguage":"it-IT"},"inLanguage":"it-IT"},{"@type":"Question","@id":"https:\/\/www.dennisrodegher.it\/index.php\/2023\/04\/29\/cause-acufene-mandibola\/#faq-question-1682780984806","position":2,"url":"https:\/\/www.dennisrodegher.it\/index.php\/2023\/04\/29\/cause-acufene-mandibola\/#faq-question-1682780984806","name":"Cos'\u00e8 un disturbo temporomandibolare?","answerCount":1,"acceptedAnswer":{"@type":"Answer","text":"Un disturbo temporomandibolare \u00e8 un problema in cui il sistema di articolazione temporomandibolare (ATM) non funziona correttamente. Ci\u00f2 pu\u00f2 causare una serie di sintomi come dolore alla mascella, mal di testa e difficolt\u00e0 nella masticazione. A volte un sintomo di questi disturbi \u00e8 proprio l'acufene.","inLanguage":"it-IT"},"inLanguage":"it-IT"},{"@type":"Question","@id":"https:\/\/www.dennisrodegher.it\/index.php\/2023\/04\/29\/cause-acufene-mandibola\/#faq-question-1682781069633","position":3,"url":"https:\/\/www.dennisrodegher.it\/index.php\/2023\/04\/29\/cause-acufene-mandibola\/#faq-question-1682781069633","name":"Come si pu\u00f2 trattare il disturbo temporomandibolare?","answerCount":1,"acceptedAnswer":{"@type":"Answer","text":"Il trattamento del disturbo temporomandibolare pu\u00f2 variare in base alla causa. Ci sono diverse opzioni di trattamento disponibili, come la terapia manuale, l'esercizio terapeutico e, in alcuni casi, i farmaci.","inLanguage":"it-IT"},"inLanguage":"it-IT"},{"@type":"Question","@id":"https:\/\/www.dennisrodegher.it\/index.php\/2023\/04\/29\/cause-acufene-mandibola\/#faq-question-1682781175869","position":4,"url":"https:\/\/www.dennisrodegher.it\/index.php\/2023\/04\/29\/cause-acufene-mandibola\/#faq-question-1682781175869","name":"L'acufene pu\u00f2 essere causato dal disturbo temporomandibolare?","answerCount":1,"acceptedAnswer":{"@type":"Answer","text":"L'acufene pu\u00f2 essere associato alla disfunzione della mandibola in alcune persone, ma non sempre. Ci\u00f2 \u00e8 dovuto al fatto che l'ATM e l'orecchio interno sono vicini l'uno all'altro e condividono alcune strutture anatomiche. Tuttavia, non tutti i pazienti con disfunzione della mandibola sviluppano acufene e viceversa. \u00c8 fondamentale la valutazione di un professionista sanitario come il medico o il fisioterapista specializzato.","inLanguage":"it-IT"},"inLanguage":"it-IT"}]}},"_links":{"self":[{"href":"https:\/\/www.dennisrodegher.it\/index.php\/wp-json\/wp\/v2\/posts\/4111","targetHints":{"allow":["GET"]}}],"collection":[{"href":"https:\/\/www.dennisrodegher.it\/index.php\/wp-json\/wp\/v2\/posts"}],"about":[{"href":"https:\/\/www.dennisrodegher.it\/index.php\/wp-json\/wp\/v2\/types\/post"}],"author":[{"embeddable":true,"href":"https:\/\/www.dennisrodegher.it\/index.php\/wp-json\/wp\/v2\/users\/1"}],"replies":[{"embeddable":true,"href":"https:\/\/www.dennisrodegher.it\/index.php\/wp-json\/wp\/v2\/comments?post=4111"}],"version-history":[{"count":1,"href":"https:\/\/www.dennisrodegher.it\/index.php\/wp-json\/wp\/v2\/posts\/4111\/revisions"}],"predecessor-version":[{"id":4117,"href":"https:\/\/www.dennisrodegher.it\/index.php\/wp-json\/wp\/v2\/posts\/4111\/revisions\/4117"}],"wp:featuredmedia":[{"embeddable":true,"href":"https:\/\/www.dennisrodegher.it\/index.php\/wp-json\/wp\/v2\/media\/4113"}],"wp:attachment":[{"href":"https:\/\/www.dennisrodegher.it\/index.php\/wp-json\/wp\/v2\/media?parent=4111"}],"wp:term":[{"taxonomy":"category","embeddable":true,"href":"https:\/\/www.dennisrodegher.it\/index.php\/wp-json\/wp\/v2\/categories?post=4111"},{"taxonomy":"post_tag","embeddable":true,"href":"https:\/\/www.dennisrodegher.it\/index.php\/wp-json\/wp\/v2\/tags?post=4111"}],"curies":[{"name":"wp","href":"https:\/\/api.w.org\/{rel}","templated":true}]}}